{"id":9349,"date":"2025-05-30T06:54:12","date_gmt":"2025-05-30T06:54:12","guid":{"rendered":"https:\/\/certifycomply.com\/?p=9349"},"modified":"2025-06-04T07:36:18","modified_gmt":"2025-06-04T07:36:18","slug":"behover-jag-ce-marka-en-lampskarm-om-jag-saljer-den-tillsammans-med-en-ce-markt-lampa","status":"publish","type":"post","link":"https:\/\/certifycomply.com\/sv\/blog\/behover-jag-ce-marka-en-lampskarm-om-jag-saljer-den-tillsammans-med-en-ce-markt-lampa\/","title":{"rendered":"Beh\u00f6ver jag CE-m\u00e4rka en lampsk\u00e4rm om jag s\u00e4ljer den tillsammans med en CE-m\u00e4rkt lampa?"},"content":{"rendered":"<p><span style=\"font-weight: 400;\">N\u00e4r du s\u00e4ljer produkter inom EU \u00e4r det viktigt att f\u00f6rst\u00e5 vilka krav som g\u00e4ller f\u00f6r <a href=\"https:\/\/certifycomply.com\/sv\/om-ce-markning\/\">CE-m\u00e4rkning<\/a>. En fr\u00e5ga som ofta dyker upp \u00e4r om en lampsk\u00e4rm m\u00e5ste CE-m\u00e4rkas n\u00e4r den s\u00e4ljs tillsammans med en CE-m\u00e4rkt lampsladd. H\u00e4r reder vi ut vad EU-lagstiftningen s\u00e4ger.<\/span><\/p>\n<h2><b>Lampsk\u00e4rmen i sig \u2013 beh\u00f6ver den CE-m\u00e4rkas?<\/b><\/h2>\n<p><span style=\"font-weight: 400;\">Lampsk\u00e4rmen som produkt betraktas normalt inte som elektrisk utrustning, eftersom den inte inneh\u00e5ller n\u00e5gra elektriska komponenter. D\u00e4rf\u00f6r omfattas den som frist\u00e5ende produkt och inte av CE-m\u00e4rkningskrav.<\/span><\/p>\n<p><span style=\"font-weight: 400;\">Om du s\u00e4ljer lampsk\u00e4rmen separat, utan att den \u00e4r en del av en f\u00e4rdig produkt som inkluderar elektriska komponenter, beh\u00f6ver den allts\u00e5 inte CE-m\u00e4rkas. Dock finns andra s\u00e4kerhetskrav att ta h\u00e4nsyn till, framf\u00f6rallt n\u00e4r det g\u00e4ller den <\/span><a href=\"https:\/\/certifycomply.com\/sv\/blog\/ny-forordning-for-allman-produktsakerhet\/\"><span style=\"font-weight: 400;\">ge<\/span><span style=\"font-weight: 400;\">nerella produkts\u00e4kerhetsf\u00f6rordningen<\/span><span style=\"font-weight: 400;\">.\u00a0<\/span><\/a><\/p>\n<h3><b>Vad h\u00e4nder om lampsk\u00e4rmen s\u00e4ljs tillsammans med en CE-m\u00e4rkt lampsladd?<\/b><\/h3>\n<p><span style=\"font-weight: 400;\">N\u00e4r du s\u00e4ljer en lampsk\u00e4rm och en CE-m\u00e4rkt lampsladd tillsammans kan situationen f\u00f6r\u00e4ndras beroende p\u00e5 hur produkterna marknadsf\u00f6rs och s\u00e4ljs:<\/span><\/p>\n<ol>\n<li style=\"font-weight: 400;\" aria-level=\"1\"><b>Om de s\u00e4ljs som en komplett lampa eller armatur<\/b>\n<ul>\n<li style=\"font-weight: 400;\" aria-level=\"2\"><span style=\"font-weight: 400;\">N\u00e4r du kombinerar en lampsk\u00e4rm och en lampsladd och s\u00e4ljer dem som en f\u00e4rdig produkt, betraktas den som en ny produkt p\u00e5 marknaden. I detta fall \u00e4r du ansvarig f\u00f6r att s\u00e4kerst\u00e4lla att den sammansatta produkten uppfyller alla till\u00e4mpliga EU-krav.<\/span><\/li>\n<li style=\"font-weight: 400;\" aria-level=\"2\"><span style=\"font-weight: 400;\">Enligt <\/span><a href=\"https:\/\/certifycomply.com\/sv\/om-ce-markning\/lagspanningsdirektivet\/\"><b>L\u00e5gsp\u00e4nningsdirektivet (2014\/35\/EU)<\/b><\/a><span style=\"font-weight: 400;\"> m\u00e5ste du utf\u00f6ra en bed\u00f6mning av produktens \u00f6verensst\u00e4mmelse och utarbeta en <\/span><b>EU-f\u00f6rs\u00e4kran om \u00f6verensst\u00e4mmelse<\/b><span style=\"font-weight: 400;\"> f\u00f6r den kompletta produkten. D\u00e4refter ska den CE-m\u00e4rkas.<\/span><\/li>\n<\/ul>\n<\/li>\n<li style=\"font-weight: 400;\" aria-level=\"1\"><b>Om de s\u00e4ljs som separata komponenter<\/b>\n<ul>\n<li style=\"font-weight: 400;\" aria-level=\"2\"><span style=\"font-weight: 400;\">Om lampsk\u00e4rmen och lampsladden s\u00e4ljs var f\u00f6r sig, och det tydligt framg\u00e5r att kunden sj\u00e4lv ansvarar f\u00f6r att montera dem ihop, betraktas de som separata produkter. I detta fall beh\u00f6ver lampsk\u00e4rmen inte CE-m\u00e4rkas, men den f\u00e5r inte p\u00e5verka s\u00e4kerheten hos den CE-m\u00e4rkta elektriska utrustningen som den anv\u00e4nds tillsammans med.<\/span><\/li>\n<\/ul>\n<\/li>\n<\/ol>\n<h2><b>Vad g\u00e4ller f\u00f6r produkts\u00e4kerheten?<\/b><\/h2>\n<p><span style=\"font-weight: 400;\">\u00c4ven om lampsk\u00e4rmen inte beh\u00f6ver CE-m\u00e4rkas m\u00e5ste den uppfylla de allm\u00e4nna kraven p\u00e5 produkts\u00e4kerhet enligt<a href=\"https:\/\/certifycomply.com\/sv\/blog\/ny-forordning-for-allman-produktsakerhet\/\"> <b>Produkts\u00e4kerhetsf\u00f6rordningen((EU) 2023\/988)<\/b><\/a><\/span><span style=\"font-weight: 400;\">. Denna f\u00f6rordning g\u00e4ller f\u00f6r alla produkter som sl\u00e4pps ut p\u00e5 EU-marknaden och inneb\u00e4r att:<\/span><\/p>\n<ul>\n<li style=\"font-weight: 400;\" aria-level=\"1\"><span style=\"font-weight: 400;\">Produkterna ska vara s\u00e4kra att anv\u00e4nda under normala och f\u00f6ruts\u00e4gbara f\u00f6rh\u00e5llanden.<\/span><\/li>\n<li style=\"font-weight: 400;\" aria-level=\"1\"><span style=\"font-weight: 400;\">Kunden ska f\u00e5 tillr\u00e4cklig information om hur produkten ska anv\u00e4ndas p\u00e5 ett s\u00e4kert s\u00e4tt.<\/span><\/li>\n<li style=\"font-weight: 400;\" aria-level=\"1\"><span style=\"font-weight: 400;\">Lampsk\u00e4rmen f\u00e5r inte \u00e4ventyra s\u00e4kerheten hos den elektriska utrustningen som den kombineras med.<\/span><\/li>\n<\/ul>\n<h2><b>Sammanfattning<\/b><\/h2>\n<ul>\n<li style=\"font-weight: 400;\" aria-level=\"1\"><b>Nej<\/b><span style=\"font-weight: 400;\">, en frist\u00e5ende lampsk\u00e4rm beh\u00f6ver inte CE-m\u00e4rkas.<\/span><\/li>\n<li style=\"font-weight: 400;\" aria-level=\"1\"><b>Ja<\/b><span style=\"font-weight: 400;\">, om lampsk\u00e4rmen s\u00e4ljs tillsammans med en CE-m\u00e4rkt lampsladd som en komplett produkt (t.ex. en f\u00e4rdig armatur), m\u00e5ste hela den sammansatta produkten uppfylla CE-m\u00e4rkningskrav.<\/span><\/li>\n<\/ul>\n<p><span style=\"font-weight: 400;\">F\u00f6r att s\u00e4kerst\u00e4lla att du f\u00f6ljer EU-lagstiftningen \u00e4r det avg\u00f6rande att avg\u00f6ra om produkterna s\u00e4ljs som enskilda delar eller som en f\u00e4rdig enhet. \u00c4r du os\u00e4ker p\u00e5 CE-m\u00e4rkningen finns vi h\u00e4r och kan hj\u00e4lpa er. H\u00f6r av er s\u00e5 bokar vi in ett f\u00f6rsta m\u00f6te!\u00a0<\/span><\/p>\n","protected":false},"excerpt":{"rendered":"<p>N\u00e4r du s\u00e4ljer produkter inom EU \u00e4r det viktigt att f\u00f6rst\u00e5 vilka krav som g\u00e4ller f\u00f6r CE-m\u00e4rkning. En fr\u00e5ga som ofta dyker upp \u00e4r om en lampsk\u00e4rm m\u00e5ste CE-m\u00e4rkas n\u00e4r [&hellip;]<\/p>\n","protected":false},"author":9,"featured_media":9350,"comment_status":"open","ping_status":"closed","sticky":false,"template":"","format":"standard","meta":{"_acf_changed":false,"footnotes":""},"categories":[85,87,140],"tags":[337,338,339],"class_list":["post-9349","post","type-post","status-publish","format-standard","has-post-thumbnail","hentry","category-ce-markning","category-elektriska-produkter","category-erp-ekodesign","tag-ce-marka-lampor","tag-ce-marka-lampskarm","tag-ce-markning-for-sammansatta-produkter"],"acf":[],"yoast_head":"<!-- This site is optimized with the Yoast SEO plugin v24.9 - https:\/\/yoast.com\/wordpress\/plugins\/seo\/ -->\n<title>CE-m\u00e4rkning av lampsk\u00e4rm \u2013 vad g\u00e4ller vid f\u00f6rs\u00e4ljning?<\/title>\n<meta name=\"description\" content=\"M\u00e5ste en lampsk\u00e4rm CE-m\u00e4rkas vid f\u00f6rs\u00e4ljning med sladd? L\u00e4s vad EU-reglerna kr\u00e4ver och n\u00e4r CE-m\u00e4rkning \u00e4r n\u00f6dv\u00e4ndig.\" \/>\n<meta name=\"robots\" content=\"index, follow, max-snippet:-1, max-image-preview:large, max-video-preview:-1\" \/>\n<link rel=\"canonical\" href=\"https:\/\/certifycomply.com\/sv\/blog\/behover-jag-ce-marka-en-lampskarm-om-jag-saljer-den-tillsammans-med-en-ce-markt-lampa\/\" \/>\n<meta property=\"og:locale\" content=\"sv_SE\" \/>\n<meta property=\"og:type\" content=\"article\" \/>\n<meta property=\"og:title\" content=\"CE-m\u00e4rkning av lampsk\u00e4rm \u2013 vad g\u00e4ller vid f\u00f6rs\u00e4ljning?\" \/>\n<meta property=\"og:description\" content=\"M\u00e5ste en lampsk\u00e4rm CE-m\u00e4rkas vid f\u00f6rs\u00e4ljning med sladd? L\u00e4s vad EU-reglerna kr\u00e4ver och n\u00e4r CE-m\u00e4rkning \u00e4r n\u00f6dv\u00e4ndig.\" \/>\n<meta property=\"og:url\" content=\"https:\/\/certifycomply.com\/sv\/blog\/behover-jag-ce-marka-en-lampskarm-om-jag-saljer-den-tillsammans-med-en-ce-markt-lampa\/\" \/>\n<meta property=\"og:site_name\" content=\"Certify &amp; Comply\" \/>\n<meta property=\"article:published_time\" content=\"2025-05-30T06:54:12+00:00\" \/>\n<meta property=\"article:modified_time\" content=\"2025-06-04T07:36:18+00:00\" \/>\n<meta property=\"og:image\" content=\"https:\/\/certifycomply.com\/wp-content\/uploads\/2025\/05\/lampa-med-lampsladd.jpg\" \/>\n\t<meta property=\"og:image:width\" content=\"1200\" \/>\n\t<meta property=\"og:image:height\" content=\"800\" \/>\n\t<meta property=\"og:image:type\" content=\"image\/jpeg\" \/>\n<meta name=\"author\" content=\"Roberth Jonsson\" \/>\n<meta name=\"twitter:card\" content=\"summary_large_image\" \/>\n<meta name=\"twitter:label1\" content=\"Skriven av\" \/>\n\t<meta name=\"twitter:data1\" content=\"Roberth Jonsson\" \/>\n\t<meta name=\"twitter:label2\" content=\"Ber\u00e4knad l\u00e4stid\" \/>\n\t<meta name=\"twitter:data2\" content=\"3 minuter\" \/>\n<!-- \/ Yoast SEO plugin. -->","yoast_head_json":{"title":"CE-m\u00e4rkning av lampsk\u00e4rm \u2013 vad g\u00e4ller vid f\u00f6rs\u00e4ljning?","description":"M\u00e5ste en lampsk\u00e4rm CE-m\u00e4rkas vid f\u00f6rs\u00e4ljning med sladd? L\u00e4s vad EU-reglerna kr\u00e4ver och n\u00e4r CE-m\u00e4rkning \u00e4r n\u00f6dv\u00e4ndig.","robots":{"index":"index","follow":"follow","max-snippet":"max-snippet:-1","max-image-preview":"max-image-preview:large","max-video-preview":"max-video-preview:-1"},"canonical":"https:\/\/certifycomply.com\/sv\/blog\/behover-jag-ce-marka-en-lampskarm-om-jag-saljer-den-tillsammans-med-en-ce-markt-lampa\/","og_locale":"sv_SE","og_type":"article","og_title":"CE-m\u00e4rkning av lampsk\u00e4rm \u2013 vad g\u00e4ller vid f\u00f6rs\u00e4ljning?","og_description":"M\u00e5ste en lampsk\u00e4rm CE-m\u00e4rkas vid f\u00f6rs\u00e4ljning med sladd? L\u00e4s vad EU-reglerna kr\u00e4ver och n\u00e4r CE-m\u00e4rkning \u00e4r n\u00f6dv\u00e4ndig.","og_url":"https:\/\/certifycomply.com\/sv\/blog\/behover-jag-ce-marka-en-lampskarm-om-jag-saljer-den-tillsammans-med-en-ce-markt-lampa\/","og_site_name":"Certify &amp; Comply","article_published_time":"2025-05-30T06:54:12+00:00","article_modified_time":"2025-06-04T07:36:18+00:00","og_image":[{"width":1200,"height":800,"url":"https:\/\/certifycomply.com\/wp-content\/uploads\/2025\/05\/lampa-med-lampsladd.jpg","type":"image\/jpeg"}],"author":"Roberth Jonsson","twitter_card":"summary_large_image","twitter_misc":{"Skriven av":"Roberth Jonsson","Ber\u00e4knad l\u00e4stid":"3 minuter"},"schema":{"@context":"https:\/\/schema.org","@graph":[{"@type":"Article","@id":"https:\/\/certifycomply.com\/sv\/blog\/behover-jag-ce-marka-en-lampskarm-om-jag-saljer-den-tillsammans-med-en-ce-markt-lampa\/#article","isPartOf":{"@id":"https:\/\/certifycomply.com\/sv\/blog\/behover-jag-ce-marka-en-lampskarm-om-jag-saljer-den-tillsammans-med-en-ce-markt-lampa\/"},"author":{"name":"Roberth Jonsson","@id":"https:\/\/certifycomply.com\/sv\/#\/schema\/person\/54e0f915236d018445c7c08edfe73503"},"headline":"Beh\u00f6ver jag CE-m\u00e4rka en lampsk\u00e4rm om jag s\u00e4ljer den tillsammans med en CE-m\u00e4rkt lampa?","datePublished":"2025-05-30T06:54:12+00:00","dateModified":"2025-06-04T07:36:18+00:00","mainEntityOfPage":{"@id":"https:\/\/certifycomply.com\/sv\/blog\/behover-jag-ce-marka-en-lampskarm-om-jag-saljer-den-tillsammans-med-en-ce-markt-lampa\/"},"wordCount":584,"commentCount":0,"publisher":{"@id":"https:\/\/certifycomply.com\/sv\/#organization"},"image":{"@id":"https:\/\/certifycomply.com\/sv\/blog\/behover-jag-ce-marka-en-lampskarm-om-jag-saljer-den-tillsammans-med-en-ce-markt-lampa\/#primaryimage"},"thumbnailUrl":"https:\/\/certifycomply.com\/wp-content\/uploads\/2025\/05\/lampa-med-lampsladd.jpg","keywords":["CE-m\u00e4rka lampor","CE-m\u00e4rka lampsk\u00e4rm","CE-m\u00e4rkning f\u00f6r sammansatta produkter"],"articleSection":["CE-m\u00e4rkning","Elektriska produkter","ERP Ekodesign"],"inLanguage":"sv-SE","potentialAction":[{"@type":"CommentAction","name":"Comment","target":["https:\/\/certifycomply.com\/sv\/blog\/behover-jag-ce-marka-en-lampskarm-om-jag-saljer-den-tillsammans-med-en-ce-markt-lampa\/#respond"]}]},{"@type":"WebPage","@id":"https:\/\/certifycomply.com\/sv\/blog\/behover-jag-ce-marka-en-lampskarm-om-jag-saljer-den-tillsammans-med-en-ce-markt-lampa\/","url":"https:\/\/certifycomply.com\/sv\/blog\/behover-jag-ce-marka-en-lampskarm-om-jag-saljer-den-tillsammans-med-en-ce-markt-lampa\/","name":"CE-m\u00e4rkning av lampsk\u00e4rm \u2013 vad g\u00e4ller vid f\u00f6rs\u00e4ljning?","isPartOf":{"@id":"https:\/\/certifycomply.com\/sv\/#website"},"primaryImageOfPage":{"@id":"https:\/\/certifycomply.com\/sv\/blog\/behover-jag-ce-marka-en-lampskarm-om-jag-saljer-den-tillsammans-med-en-ce-markt-lampa\/#primaryimage"},"image":{"@id":"https:\/\/certifycomply.com\/sv\/blog\/behover-jag-ce-marka-en-lampskarm-om-jag-saljer-den-tillsammans-med-en-ce-markt-lampa\/#primaryimage"},"thumbnailUrl":"https:\/\/certifycomply.com\/wp-content\/uploads\/2025\/05\/lampa-med-lampsladd.jpg","datePublished":"2025-05-30T06:54:12+00:00","dateModified":"2025-06-04T07:36:18+00:00","description":"M\u00e5ste en lampsk\u00e4rm CE-m\u00e4rkas vid f\u00f6rs\u00e4ljning med sladd? L\u00e4s vad EU-reglerna kr\u00e4ver och n\u00e4r CE-m\u00e4rkning \u00e4r n\u00f6dv\u00e4ndig.","breadcrumb":{"@id":"https:\/\/certifycomply.com\/sv\/blog\/behover-jag-ce-marka-en-lampskarm-om-jag-saljer-den-tillsammans-med-en-ce-markt-lampa\/#breadcrumb"},"inLanguage":"sv-SE","potentialAction":[{"@type":"ReadAction","target":["https:\/\/certifycomply.com\/sv\/blog\/behover-jag-ce-marka-en-lampskarm-om-jag-saljer-den-tillsammans-med-en-ce-markt-lampa\/"]}]},{"@type":"ImageObject","inLanguage":"sv-SE","@id":"https:\/\/certifycomply.com\/sv\/blog\/behover-jag-ce-marka-en-lampskarm-om-jag-saljer-den-tillsammans-med-en-ce-markt-lampa\/#primaryimage","url":"https:\/\/certifycomply.com\/wp-content\/uploads\/2025\/05\/lampa-med-lampsladd.jpg","contentUrl":"https:\/\/certifycomply.com\/wp-content\/uploads\/2025\/05\/lampa-med-lampsladd.jpg","width":1200,"height":800,"caption":"lampa med lampsladd"},{"@type":"BreadcrumbList","@id":"https:\/\/certifycomply.com\/sv\/blog\/behover-jag-ce-marka-en-lampskarm-om-jag-saljer-den-tillsammans-med-en-ce-markt-lampa\/#breadcrumb","itemListElement":[{"@type":"ListItem","position":1,"name":"Hem","item":"https:\/\/certifycomply.com\/sv\/"},{"@type":"ListItem","position":2,"name":"Beh\u00f6ver jag CE-m\u00e4rka en lampsk\u00e4rm om jag s\u00e4ljer den tillsammans med en CE-m\u00e4rkt lampa?"}]},{"@type":"WebSite","@id":"https:\/\/certifycomply.com\/sv\/#website","url":"https:\/\/certifycomply.com\/sv\/","name":"Certify & Comply","description":"Certify &amp; Comply","publisher":{"@id":"https:\/\/certifycomply.com\/sv\/#organization"},"potentialAction":[{"@type":"SearchAction","target":{"@type":"EntryPoint","urlTemplate":"https:\/\/certifycomply.com\/sv\/?s={search_term_string}"},"query-input":{"@type":"PropertyValueSpecification","valueRequired":true,"valueName":"search_term_string"}}],"inLanguage":"sv-SE"},{"@type":"Organization","@id":"https:\/\/certifycomply.com\/sv\/#organization","name":"Certify & Comply","url":"https:\/\/certifycomply.com\/sv\/","logo":{"@type":"ImageObject","inLanguage":"sv-SE","@id":"https:\/\/certifycomply.com\/sv\/#\/schema\/logo\/image\/","url":"https:\/\/certcomply.hemhosting.se\/wp-content\/uploads\/2024\/08\/logo_featureimage.png","contentUrl":"https:\/\/certcomply.hemhosting.se\/wp-content\/uploads\/2024\/08\/logo_featureimage.png","width":1200,"height":675,"caption":"Certify & Comply"},"image":{"@id":"https:\/\/certifycomply.com\/sv\/#\/schema\/logo\/image\/"}},{"@type":"Person","@id":"https:\/\/certifycomply.com\/sv\/#\/schema\/person\/54e0f915236d018445c7c08edfe73503","name":"Roberth Jonsson","image":{"@type":"ImageObject","inLanguage":"sv-SE","@id":"https:\/\/certifycomply.com\/sv\/#\/schema\/person\/image\/","url":"https:\/\/certifycomply.com\/wp-content\/uploads\/2024\/07\/cropped-roberth-96x96.jpg","contentUrl":"https:\/\/certifycomply.com\/wp-content\/uploads\/2024\/07\/cropped-roberth-96x96.jpg","caption":"Roberth Jonsson"},"description":"The only way to tackle something that is complex is to simplify it into steps and then take one step at a time. CE marking and machine safety are complex and sometimes are actually the best way to learn things is to teach and explain to others. I try to have this mindset when I blog, offer consulting services or offer trainings. I simply use a language that the reader can relate to and thereby create a better understanding.","sameAs":["https:\/\/www.linkedin.com\/in\/roberthjonsson\/?locale=en_US"],"url":"https:\/\/certifycomply.com\/sv\/blog\/author\/roberth-jonsson\/"}]}},"_links":{"self":[{"href":"https:\/\/certifycomply.com\/sv\/wp-json\/wp\/v2\/posts\/9349"}],"collection":[{"href":"https:\/\/certifycomply.com\/sv\/wp-json\/wp\/v2\/posts"}],"about":[{"href":"https:\/\/certifycomply.com\/sv\/wp-json\/wp\/v2\/types\/post"}],"author":[{"embeddable":true,"href":"https:\/\/certifycomply.com\/sv\/wp-json\/wp\/v2\/users\/9"}],"replies":[{"embeddable":true,"href":"https:\/\/certifycomply.com\/sv\/wp-json\/wp\/v2\/comments?post=9349"}],"version-history":[{"count":4,"href":"https:\/\/certifycomply.com\/sv\/wp-json\/wp\/v2\/posts\/9349\/revisions"}],"predecessor-version":[{"id":9375,"href":"https:\/\/certifycomply.com\/sv\/wp-json\/wp\/v2\/posts\/9349\/revisions\/9375"}],"wp:featuredmedia":[{"embeddable":true,"href":"https:\/\/certifycomply.com\/sv\/wp-json\/wp\/v2\/media\/9350"}],"wp:attachment":[{"href":"https:\/\/certifycomply.com\/sv\/wp-json\/wp\/v2\/media?parent=9349"}],"wp:term":[{"taxonomy":"category","embeddable":true,"href":"https:\/\/certifycomply.com\/sv\/wp-json\/wp\/v2\/categories?post=9349"},{"taxonomy":"post_tag","embeddable":true,"href":"https:\/\/certifycomply.com\/sv\/wp-json\/wp\/v2\/tags?post=9349"}],"curies":[{"name":"wp","href":"https:\/\/api.w.org\/{rel}","templated":true}]}}