{"id":8968,"date":"2025-01-30T09:54:59","date_gmt":"2025-01-30T09:54:59","guid":{"rendered":"https:\/\/certifycomply.com\/?p=8968"},"modified":"2025-03-24T05:38:24","modified_gmt":"2025-03-24T05:38:24","slug":"right-to-repair","status":"publish","type":"post","link":"https:\/\/certifycomply.com\/sv\/blog\/right-to-repair\/","title":{"rendered":"Right to Repair &#8211; hur EU:s nya reparationsdirektiv p\u00e5verkar f\u00f6retag och konsumenter\u00a0"},"content":{"rendered":"<p><span style=\"font-weight: 400;\">Fr\u00e5n och med den 31 juli 2026 kommer EU:s nya reparationsdirektiv (EU) 2024\/1799, det s\u00e5 kallade <\/span><b>Right to Repair,<\/b><span style=\"font-weight: 400;\"> att tr\u00e4da i kraft. Detta med m\u00e5let att g\u00f6ra det enklare och billigare att reparera varor ist\u00e4llet f\u00f6r att sl\u00e4nga och k\u00f6pa nytt. Direktivet \u00e4r en del av EU:s str\u00e4van efter en mer cirkul\u00e4r ekonomi och b\u00e4ttre milj\u00f6skydd. H\u00e4r g\u00e5r vi igenom vad direktivet inneb\u00e4r och hur det p\u00e5verkar b\u00e5de f\u00f6retag och konsumenter.<\/span><\/p>\n<h2><span style=\"font-weight: 400;\">\u00a0Vad handlar det nya direktivet om?\u00a0<\/span><\/h2>\n<p><span style=\"font-weight: 400;\">Direktivet syftar till att:<\/span><\/p>\n<ol>\n<li style=\"font-weight: 400;\" aria-level=\"1\"><span style=\"font-weight: 400;\">G\u00f6ra det enklare och billigare att reparera varor ist\u00e4llet f\u00f6r att k\u00f6pa nytt.<\/span><\/li>\n<li style=\"font-weight: 400;\" aria-level=\"1\"><span style=\"font-weight: 400;\">\u00d6ka konsumentens r\u00e4ttigheter och tillg\u00e5ng till reparationstj\u00e4nster.<\/span><\/li>\n<li style=\"font-weight: 400;\" aria-level=\"1\"><span style=\"font-weight: 400;\">St\u00e4rka den inre marknaden genom gemensamma regler f\u00f6r reparation i hela EU.<\/span><\/li>\n<li style=\"font-weight: 400;\" aria-level=\"1\"><span style=\"font-weight: 400;\">Minska avfall och spara resurser genom att f\u00f6rl\u00e4nga livsl\u00e4ngden p\u00e5 produkter.<\/span><\/li>\n<\/ol>\n<p><span style=\"font-weight: 400;\">Det omfattar regler som g\u00e4ller b\u00e5de inom och utanf\u00f6r s\u00e4ljarens ansvar (t.ex. garantiperioder) och st\u00e4ller krav p\u00e5 f\u00f6retag att erbjuda tydlig information om reparationstj\u00e4nster, reservdelar och kostnader.<\/span><\/p>\n<h2><span style=\"font-weight: 400;\">\u00a0Vilka produkter omfattas av right to repair?\u00a0<\/span><\/h2>\n<p><span style=\"font-weight: 400;\">Direktivet g\u00e4ller f\u00f6r produkter som uppfyller specifika krav p\u00e5 reparerbarhet enligt EU:s lagar, till exempel:<\/span><\/p>\n<ul>\n<li style=\"font-weight: 400;\" aria-level=\"1\"><span style=\"font-weight: 400;\">Tv\u00e4ttmaskiner, kylsk\u00e5p och andra hush\u00e5llsapparater<\/span><\/li>\n<li style=\"font-weight: 400;\" aria-level=\"1\">\n<figure id=\"attachment_8977\" aria-describedby=\"caption-attachment-8977\" style=\"width: 600px\" class=\"wp-caption alignright\"><img fetchpriority=\"high\" decoding=\"async\" class=\"wp-image-8977\" src=\"https:\/\/certifycomply.com\/wp-content\/uploads\/2025\/01\/trasig-mobil-1-1024x683.jpg\" alt=\"bild p\u00e5 trasig mobil\" width=\"600\" height=\"400\" srcset=\"https:\/\/certifycomply.com\/wp-content\/uploads\/2025\/01\/trasig-mobil-1-1024x683.jpg 1024w, https:\/\/certifycomply.com\/wp-content\/uploads\/2025\/01\/trasig-mobil-1-300x200.jpg 300w, https:\/\/certifycomply.com\/wp-content\/uploads\/2025\/01\/trasig-mobil-1-768x512.jpg 768w, https:\/\/certifycomply.com\/wp-content\/uploads\/2025\/01\/trasig-mobil-1-1536x1024.jpg 1536w, https:\/\/certifycomply.com\/wp-content\/uploads\/2025\/01\/trasig-mobil-1-2048x1366.jpg 2048w\" sizes=\"(max-width: 600px) 100vw, 600px\" \/><figcaption id=\"caption-attachment-8977\" class=\"wp-caption-text\">Mobiltelefoner kommer omfattas av Right to Repair<\/figcaption><\/figure>\n<p><span style=\"font-weight: 400;\">Elektronik som mobiltelefoner och surfplattor<\/span><\/li>\n<li style=\"font-weight: 400;\" aria-level=\"1\"><span style=\"font-weight: 400;\"><span style=\"font-weight: 400;\">Produkter med batterier f\u00f6r l\u00e4tta transportmedel.<\/span><\/span><\/li>\n<\/ul>\n<p><span style=\"font-weight: 400;\">En komplett lista \u00f6ver produkter och lagar som omfattas finns i Bilaga II till direktivet. F\u00f6r f\u00f6retag \u00e4r det viktigt att identifiera vilka av deras produkter som omfattas och s\u00e4kerst\u00e4lla att de f\u00f6ljer reglerna.<\/span><\/p>\n<h2><span style=\"font-weight: 400;\">\u00a0Vad inneb\u00e4r detta f\u00f6r f\u00f6retag?\u00a0<\/span><\/h2>\n<p><span style=\"font-weight: 400;\">F\u00f6retag som s\u00e4ljer produkter i EU beh\u00f6ver f\u00f6rbereda sig p\u00e5 flera s\u00e4tt:<\/span><\/p>\n<ul>\n<li aria-level=\"1\"><b>S\u00e4kerst\u00e4ll efterlevnad:<\/b><\/li>\n<\/ul>\n<p><span style=\"font-weight: 400;\">Identifiera om era produkter omfattas av direktivet.<\/span><\/p>\n<p><span style=\"font-weight: 400;\">S\u00e4kerst\u00e4ll att produkterna uppfyller krav p\u00e5 reparerbarhet, exempelvis tillg\u00e5ng till reservdelar och teknisk information.<\/span><b><\/b><\/p>\n<ul>\n<li aria-level=\"1\"><b>Anv\u00e4nd det europeiska reparationsformul\u00e4ret:<\/b><\/li>\n<\/ul>\n<p><span style=\"font-weight: 400;\">Tillhandah\u00e5ll konsumenterna tydlig och enhetlig information om reparationstj\u00e4nster. H\u00e4r kan du ladda ner en mall f\u00f6r det europeiska reparationsformul\u00e4ret som ni kan anv\u00e4nda: <\/span><span style=\"font-weight: 400;\"><a href=\"https:\/\/certifycomply.com\/wp-content\/uploads\/2025\/01\/Europeiskt_Reparationsformular-1.docx\">Europeiskt_Reparationsformul\u00e4r<\/a><br \/>\n<\/span><b><\/b><b><\/b><\/p>\n<ul>\n<li aria-level=\"1\"><b>Bygg samarbeten:<\/b><\/li>\n<\/ul>\n<p><span style=\"font-weight: 400;\">Etablera partnerskap med reparat\u00f6rer f\u00f6r att s\u00e4kerst\u00e4lla att reparationer kan utf\u00f6ras snabbt och kostnadseffektivt.<\/span><b><\/b><\/p>\n<ul>\n<li aria-level=\"1\"><b>Utbilda personalen:<\/b><\/li>\n<\/ul>\n<p><span style=\"font-weight: 400;\">Se till att era kundtj\u00e4nstmedarbetare och tekniker \u00e4r informerade om de nya kraven och kan guida konsumenter p\u00e5 r\u00e4tt s\u00e4tt.<\/span><\/p>\n<h2><span style=\"font-weight: 400;\">\u00a0Hur p\u00e5verkar Right to Repair konsumenter?\u00a0<\/span><\/h2>\n<p><span style=\"font-weight: 400;\">F\u00f6r konsumenter inneb\u00e4r direktivet:<\/span><\/p>\n<p><b>B\u00e4ttre r\u00e4ttigheter:<\/b><\/p>\n<p><span style=\"font-weight: 400;\">Det blir enklare att v\u00e4lja reparation ist\u00e4llet f\u00f6r att k\u00f6pa nytt, \u00e4ven efter att garantin l\u00f6pt ut.<\/span><\/p>\n<p><b>Tydligare information:<\/b><\/p>\n<p><span style=\"font-weight: 400;\">F\u00f6retag m\u00e5ste ge tydlig information om reparationstj\u00e4nster, inklusive priser och vilka reservdelar som finns tillg\u00e4ngliga.<\/span><\/p>\n<p><span style=\"font-weight: 400;\">L\u00e4gre kostnader: Standardiserade regler och konkurrens mellan reparat\u00f6rer kan pressa priserna f\u00f6r reparationer.<\/span><\/p>\n<p>&nbsp;<\/p>\n<h2><span style=\"font-weight: 400;\">\u00a0Viktiga datum g\u00e4llande det nya reperationsdirektivet<\/span><\/h2>\n<p><b>31 juli 2026: <\/b><span style=\"font-weight: 400;\">Direktivet ska vara implementerat i alla EU-l\u00e4nder.<\/span><\/p>\n<p><b>31 juli 2027: <\/b><span style=\"font-weight: 400;\">EU:s gemensamma reparationsplattform ska vara p\u00e5 plats.<\/span><\/p>\n<p><span style=\"font-weight: 400;\">\u00a0<\/span><\/p>\n<h2><span style=\"font-weight: 400;\">\u00a0S\u00e5 h\u00e4r f\u00f6rbereder du ert f\u00f6retag inf\u00f6r &#8220;Right to repair&#8221;<\/span><\/h2>\n<ol>\n<li style=\"font-weight: 400;\" aria-level=\"1\"><span style=\"font-weight: 400;\">G\u00e5 igenom era produktkategorier och identifiera vilka som p\u00e5verkas av direktivet.<\/span><\/li>\n<li style=\"font-weight: 400;\" aria-level=\"1\"><span style=\"font-weight: 400;\">Anpassa er dokumentation och era rutiner f\u00f6r att uppfylla kraven.<\/span><\/li>\n<li style=\"font-weight: 400;\" aria-level=\"1\"><span style=\"font-weight: 400;\"><span style=\"font-weight: 400;\">B\u00f6rja kommunicera med era kunder om deras m\u00f6jligheter till reparation.<\/span><\/span><\/li>\n<\/ol>\n<p><span style=\"font-weight: 400;\">Genom att agera i tid kan ni inte bara s\u00e4kerst\u00e4lla att ni f\u00f6ljer lagkraven, utan ocks\u00e5 st\u00e4rka ert varum\u00e4rke som ett f\u00f6retag som prioriterar h\u00e5llbarhet och kundn\u00f6jdhet.<\/span><\/p>\n<p><span style=\"font-weight: 400;\">Har ni fr\u00e5gor eller beh\u00f6ver hj\u00e4lp att f\u00f6rbereda er f\u00f6r det nya direktivet? Kontakta oss s\u00e5 guidar vi er vidare!<\/span><\/p>\n","protected":false},"excerpt":{"rendered":"<p>Fr\u00e5n och med den 31 juli 2026 kommer EU:s nya reparationsdirektiv (EU) 2024\/1799, det s\u00e5 kallade Right to Repair, att tr\u00e4da i kraft. Detta med m\u00e5let att g\u00f6ra det enklare [&hellip;]<\/p>\n","protected":false},"author":9,"featured_media":8984,"comment_status":"open","ping_status":"open","sticky":false,"template":"","format":"standard","meta":{"_acf_changed":false,"footnotes":""},"categories":[137],"tags":[196,195],"class_list":["post-8968","post","type-post","status-publish","format-standard","has-post-thumbnail","hentry","category-eu-lagstiftning","tag-reperationsdirektiv","tag-right-to-repair"],"acf":[],"yoast_head":"<!-- This site is optimized with the Yoast SEO plugin v24.9 - https:\/\/yoast.com\/wordpress\/plugins\/seo\/ -->\n<title>Right to repair - EU&#039;s nya reperationsdirektiv<\/title>\n<meta name=\"description\" content=\"Fr\u00e5n 31 juli 2026 tr\u00e4der EU:s nya reparationsdirektiv i kraft. L\u00e4s hur det p\u00e5verkar f\u00f6retag och konsumenter \u2013 och hur ni kan f\u00f6rbereda er!\" \/>\n<meta name=\"robots\" content=\"index, follow, max-snippet:-1, max-image-preview:large, max-video-preview:-1\" \/>\n<link rel=\"canonical\" href=\"https:\/\/certifycomply.com\/sv\/blog\/right-to-repair\/\" \/>\n<meta property=\"og:locale\" content=\"sv_SE\" \/>\n<meta property=\"og:type\" content=\"article\" \/>\n<meta property=\"og:title\" content=\"Right to repair - EU&#039;s nya reperationsdirektiv\" \/>\n<meta property=\"og:description\" content=\"Fr\u00e5n 31 juli 2026 tr\u00e4der EU:s nya reparationsdirektiv i kraft. L\u00e4s hur det p\u00e5verkar f\u00f6retag och konsumenter \u2013 och hur ni kan f\u00f6rbereda er!\" \/>\n<meta property=\"og:url\" content=\"https:\/\/certifycomply.com\/sv\/blog\/right-to-repair\/\" \/>\n<meta property=\"og:site_name\" content=\"Certify &amp; Comply\" \/>\n<meta property=\"article:published_time\" content=\"2025-01-30T09:54:59+00:00\" \/>\n<meta property=\"article:modified_time\" content=\"2025-03-24T05:38:24+00:00\" \/>\n<meta property=\"og:image\" content=\"https:\/\/certifycomply.com\/wp-content\/uploads\/2025\/01\/right-to-repair-2.jpg\" \/>\n\t<meta property=\"og:image:width\" content=\"2500\" \/>\n\t<meta property=\"og:image:height\" content=\"1668\" \/>\n\t<meta property=\"og:image:type\" content=\"image\/jpeg\" \/>\n<meta name=\"author\" content=\"Roberth Jonsson\" \/>\n<meta name=\"twitter:card\" content=\"summary_large_image\" \/>\n<meta name=\"twitter:label1\" content=\"Skriven av\" \/>\n\t<meta name=\"twitter:data1\" content=\"Roberth Jonsson\" \/>\n\t<meta name=\"twitter:label2\" content=\"Ber\u00e4knad l\u00e4stid\" \/>\n\t<meta name=\"twitter:data2\" content=\"3 minuter\" \/>\n<!-- \/ Yoast SEO plugin. -->","yoast_head_json":{"title":"Right to repair - EU's nya reperationsdirektiv","description":"Fr\u00e5n 31 juli 2026 tr\u00e4der EU:s nya reparationsdirektiv i kraft. L\u00e4s hur det p\u00e5verkar f\u00f6retag och konsumenter \u2013 och hur ni kan f\u00f6rbereda er!","robots":{"index":"index","follow":"follow","max-snippet":"max-snippet:-1","max-image-preview":"max-image-preview:large","max-video-preview":"max-video-preview:-1"},"canonical":"https:\/\/certifycomply.com\/sv\/blog\/right-to-repair\/","og_locale":"sv_SE","og_type":"article","og_title":"Right to repair - EU's nya reperationsdirektiv","og_description":"Fr\u00e5n 31 juli 2026 tr\u00e4der EU:s nya reparationsdirektiv i kraft. L\u00e4s hur det p\u00e5verkar f\u00f6retag och konsumenter \u2013 och hur ni kan f\u00f6rbereda er!","og_url":"https:\/\/certifycomply.com\/sv\/blog\/right-to-repair\/","og_site_name":"Certify &amp; Comply","article_published_time":"2025-01-30T09:54:59+00:00","article_modified_time":"2025-03-24T05:38:24+00:00","og_image":[{"width":2500,"height":1668,"url":"https:\/\/certifycomply.com\/wp-content\/uploads\/2025\/01\/right-to-repair-2.jpg","type":"image\/jpeg"}],"author":"Roberth Jonsson","twitter_card":"summary_large_image","twitter_misc":{"Skriven av":"Roberth Jonsson","Ber\u00e4knad l\u00e4stid":"3 minuter"},"schema":{"@context":"https:\/\/schema.org","@graph":[{"@type":"Article","@id":"https:\/\/certifycomply.com\/sv\/blog\/right-to-repair\/#article","isPartOf":{"@id":"https:\/\/certifycomply.com\/sv\/blog\/right-to-repair\/"},"author":{"name":"Roberth Jonsson","@id":"https:\/\/certifycomply.com\/sv\/#\/schema\/person\/54e0f915236d018445c7c08edfe73503"},"headline":"Right to Repair &#8211; hur EU:s nya reparationsdirektiv p\u00e5verkar f\u00f6retag och konsumenter\u00a0","datePublished":"2025-01-30T09:54:59+00:00","dateModified":"2025-03-24T05:38:24+00:00","mainEntityOfPage":{"@id":"https:\/\/certifycomply.com\/sv\/blog\/right-to-repair\/"},"wordCount":651,"commentCount":0,"publisher":{"@id":"https:\/\/certifycomply.com\/sv\/#organization"},"image":{"@id":"https:\/\/certifycomply.com\/sv\/blog\/right-to-repair\/#primaryimage"},"thumbnailUrl":"https:\/\/certifycomply.com\/wp-content\/uploads\/2025\/01\/right-to-repair-2.jpg","keywords":["reperationsdirektiv","Right to repair"],"articleSection":["EU Lagstiftning"],"inLanguage":"sv-SE","potentialAction":[{"@type":"CommentAction","name":"Comment","target":["https:\/\/certifycomply.com\/sv\/blog\/right-to-repair\/#respond"]}]},{"@type":"WebPage","@id":"https:\/\/certifycomply.com\/sv\/blog\/right-to-repair\/","url":"https:\/\/certifycomply.com\/sv\/blog\/right-to-repair\/","name":"Right to repair - EU's nya reperationsdirektiv","isPartOf":{"@id":"https:\/\/certifycomply.com\/sv\/#website"},"primaryImageOfPage":{"@id":"https:\/\/certifycomply.com\/sv\/blog\/right-to-repair\/#primaryimage"},"image":{"@id":"https:\/\/certifycomply.com\/sv\/blog\/right-to-repair\/#primaryimage"},"thumbnailUrl":"https:\/\/certifycomply.com\/wp-content\/uploads\/2025\/01\/right-to-repair-2.jpg","datePublished":"2025-01-30T09:54:59+00:00","dateModified":"2025-03-24T05:38:24+00:00","description":"Fr\u00e5n 31 juli 2026 tr\u00e4der EU:s nya reparationsdirektiv i kraft. L\u00e4s hur det p\u00e5verkar f\u00f6retag och konsumenter \u2013 och hur ni kan f\u00f6rbereda er!","breadcrumb":{"@id":"https:\/\/certifycomply.com\/sv\/blog\/right-to-repair\/#breadcrumb"},"inLanguage":"sv-SE","potentialAction":[{"@type":"ReadAction","target":["https:\/\/certifycomply.com\/sv\/blog\/right-to-repair\/"]}]},{"@type":"ImageObject","inLanguage":"sv-SE","@id":"https:\/\/certifycomply.com\/sv\/blog\/right-to-repair\/#primaryimage","url":"https:\/\/certifycomply.com\/wp-content\/uploads\/2025\/01\/right-to-repair-2.jpg","contentUrl":"https:\/\/certifycomply.com\/wp-content\/uploads\/2025\/01\/right-to-repair-2.jpg","width":2500,"height":1668,"caption":"right to repair"},{"@type":"BreadcrumbList","@id":"https:\/\/certifycomply.com\/sv\/blog\/right-to-repair\/#breadcrumb","itemListElement":[{"@type":"ListItem","position":1,"name":"Hem","item":"https:\/\/certifycomply.com\/sv\/"},{"@type":"ListItem","position":2,"name":"Right to Repair &#8211; hur EU:s nya reparationsdirektiv p\u00e5verkar f\u00f6retag och konsumenter\u00a0"}]},{"@type":"WebSite","@id":"https:\/\/certifycomply.com\/sv\/#website","url":"https:\/\/certifycomply.com\/sv\/","name":"Certify & Comply","description":"Certify &amp; Comply","publisher":{"@id":"https:\/\/certifycomply.com\/sv\/#organization"},"potentialAction":[{"@type":"SearchAction","target":{"@type":"EntryPoint","urlTemplate":"https:\/\/certifycomply.com\/sv\/?s={search_term_string}"},"query-input":{"@type":"PropertyValueSpecification","valueRequired":true,"valueName":"search_term_string"}}],"inLanguage":"sv-SE"},{"@type":"Organization","@id":"https:\/\/certifycomply.com\/sv\/#organization","name":"Certify & Comply","url":"https:\/\/certifycomply.com\/sv\/","logo":{"@type":"ImageObject","inLanguage":"sv-SE","@id":"https:\/\/certifycomply.com\/sv\/#\/schema\/logo\/image\/","url":"https:\/\/certcomply.hemhosting.se\/wp-content\/uploads\/2024\/08\/logo_featureimage.png","contentUrl":"https:\/\/certcomply.hemhosting.se\/wp-content\/uploads\/2024\/08\/logo_featureimage.png","width":1200,"height":675,"caption":"Certify & Comply"},"image":{"@id":"https:\/\/certifycomply.com\/sv\/#\/schema\/logo\/image\/"}},{"@type":"Person","@id":"https:\/\/certifycomply.com\/sv\/#\/schema\/person\/54e0f915236d018445c7c08edfe73503","name":"Roberth Jonsson","image":{"@type":"ImageObject","inLanguage":"sv-SE","@id":"https:\/\/certifycomply.com\/sv\/#\/schema\/person\/image\/","url":"https:\/\/certifycomply.com\/wp-content\/uploads\/2024\/07\/cropped-roberth-96x96.jpg","contentUrl":"https:\/\/certifycomply.com\/wp-content\/uploads\/2024\/07\/cropped-roberth-96x96.jpg","caption":"Roberth Jonsson"},"description":"The only way to tackle something that is complex is to simplify it into steps and then take one step at a time. CE marking and machine safety are complex and sometimes are actually the best way to learn things is to teach and explain to others. I try to have this mindset when I blog, offer consulting services or offer trainings. I simply use a language that the reader can relate to and thereby create a better understanding.","sameAs":["https:\/\/www.linkedin.com\/in\/roberthjonsson\/?locale=en_US"],"url":"https:\/\/certifycomply.com\/sv\/blog\/author\/roberth-jonsson\/"}]}},"_links":{"self":[{"href":"https:\/\/certifycomply.com\/sv\/wp-json\/wp\/v2\/posts\/8968"}],"collection":[{"href":"https:\/\/certifycomply.com\/sv\/wp-json\/wp\/v2\/posts"}],"about":[{"href":"https:\/\/certifycomply.com\/sv\/wp-json\/wp\/v2\/types\/post"}],"author":[{"embeddable":true,"href":"https:\/\/certifycomply.com\/sv\/wp-json\/wp\/v2\/users\/9"}],"replies":[{"embeddable":true,"href":"https:\/\/certifycomply.com\/sv\/wp-json\/wp\/v2\/comments?post=8968"}],"version-history":[{"count":8,"href":"https:\/\/certifycomply.com\/sv\/wp-json\/wp\/v2\/posts\/8968\/revisions"}],"predecessor-version":[{"id":9112,"href":"https:\/\/certifycomply.com\/sv\/wp-json\/wp\/v2\/posts\/8968\/revisions\/9112"}],"wp:featuredmedia":[{"embeddable":true,"href":"https:\/\/certifycomply.com\/sv\/wp-json\/wp\/v2\/media\/8984"}],"wp:attachment":[{"href":"https:\/\/certifycomply.com\/sv\/wp-json\/wp\/v2\/media?parent=8968"}],"wp:term":[{"taxonomy":"category","embeddable":true,"href":"https:\/\/certifycomply.com\/sv\/wp-json\/wp\/v2\/categories?post=8968"},{"taxonomy":"post_tag","embeddable":true,"href":"https:\/\/certifycomply.com\/sv\/wp-json\/wp\/v2\/tags?post=8968"}],"curies":[{"name":"wp","href":"https:\/\/api.w.org\/{rel}","templated":true}]}}